{"id":22839,"date":"2019-05-28T13:26:25","date_gmt":"2019-05-28T11:26:25","guid":{"rendered":"https:\/\/www.neusta-ds.de\/blog\/?p=22839"},"modified":"2019-11-18T13:56:00","modified_gmt":"2019-11-18T12:56:00","slug":"destination-gehirn-wenn-farbe-auf-reisen-geht","status":"publish","type":"post","link":"https:\/\/www.destination.one\/blog\/destination-gehirn-wenn-farbe-auf-reisen-geht\/visuelles-design\/","title":{"rendered":"Destination Gehirn &#8211; wenn Farbe auf Reisen geht"},"content":{"rendered":"<section class=\"vc_row wpb_row vc_row-fluid  vc_custom_1507701938070 wow fadeIn\"><div class=\"wpb_column vc_column_container vc_col-sm-1 vc_hidden-sm col-xs-mobile-fullwidth sm-display-none\"><div class=\"vc_column-inner \"><div class=\"wpb_wrapper\"><\/div><\/div><\/div><div class=\"wpb_column vc_column_container vc_col-sm-12 vc_col-md-10 vc_col-xs-12\"><div class=\"vc_column-inner \"><div class=\"wpb_wrapper\"><div class=\"last-paragraph-no-margin\"><h5 class=\"alt-font text-extra-dark-gray xs-text-center\">Teil 2 der Reihe &#8222;Veni, vidi, converti \u2013 Visuelles Design einer Conversion&#8220;<\/h5>\n<p class=\"text-justify xs-text-center no-margin-bottom\">Sengende Hitze legt sich \u00fcber die afrikanische Savanne. Der J\u00e4ger sitzt mit seinem Holzspeer bewaffnet unter einem schattenspendenden Baum und k\u00e4mpft gegen das Eind\u00f6sen. Doch dann auf einmal schreckt er auf: blitzen dort hinter den dichten gr\u00fcnen Bl\u00e4ttern rot-orange Flecken, die sich zu bewegen scheinen? Der Blutdruck steigt, die Blutgef\u00e4\u00dfe erweitern sich. Der Fokus seiner Augen fordert nun 80 % Aktivit\u00e4t des prim\u00e4ren visuellen Cortex, gerade mal einen Millimeter gro\u00df. Der J\u00e4ger ist in Alarmbereitschaft und mit einem Schlag hellwach.<\/p>\n<blockquote class=\"border-color-deep-pink\"><p>\nSo \u00e4hnlich erging es unseren afrikanischen Vorfahren vor hunderttausenden von Jahren.<br \/>\nFarbensehen \u2013 f\u00fcr einen gesunden Menschen von heute selbstverst\u00e4ndlich \u2013 bedeutete in unserer evolutionsbiologischen Vergangenheit den Unterschied zwischen Leben und Tod.\n<\/p><\/blockquote>\n<p>Auch wenn der nackte \u00dcberlebenskampf in unserer heutigen Gesellschaft in weite Ferne ger\u00fcckt ist, sind wir doch noch genauso von Farben abh\u00e4ngig und beeinflussbar wie vor Urzeiten. So geht es bei unserer Wahrnehmung der Umwelt nicht nur um die reine Objekterkennung, sondern sie spielt sich auch auf h\u00f6heren, psychologischen und emotionalen Ebenen ab. Wie sehr uns das Farbensehen beispielsweise Stabilit\u00e4t und Orientierung gibt, zeigt sich vor allem, wenn diese Erlebnis- und Handlungsf\u00e4higkeit durch Blindheit oder Fehlsichtigkeit eingeschr\u00e4nkt wird. Oliver Sacks, Professor f\u00fcr klinische Neurologie beschreibt in seinem Buch das Schicksal des durch einen Verkehrsunfall farbenblind gewordenen Malers Isaacson, dem das farblose Leben auf einmal wie ein schwarzwei\u00dfer Horrorfilm erscheint, Menschen mit grauer Haut ihn ekeln und ihm sein Lebenswerk als Maler auf einmal sinnlos erscheint. [1]<\/p>\n<\/div><\/div><\/div><\/div><div class=\"wpb_column vc_column_container vc_col-sm-1 vc_hidden-sm col-xs-mobile-fullwidth sm-display-none\"><div class=\"vc_column-inner \"><div class=\"wpb_wrapper\"><\/div><\/div><\/div><\/section><section data-vc-full-width=\"true\" data-vc-full-width-init=\"false\" data-vc-stretch-content=\"true\" class=\"vc_row wpb_row vc_row-fluid  vc_custom_1507701979585 wow fadeIn vc_row-has-fill pofo-stretch-content vc_row-o-equal-height vc_row-o-content-middle vc_row-flex\"><div class=\"wpb_column vc_column_container vc_col-has-fill vc_col-sm-12 vc_col-md-6 vc_col-xs-12 wow slideInLeft pofo-column-responsive-69f4f559a336d\" data-wow-delay= 100ms><div class=\"vc_column-inner cover-background bg-position-center-center vc_custom_1559041115145\"><div class=\"wpb_wrapper\"><\/div><\/div><\/div><div class=\"wpb_column vc_column_container vc_col-sm-12 vc_col-md-6 vc_col-xs-12 wow slideInRight sm-text-center\" data-wow-delay= 100ms><div class=\"vc_column-inner \"><div class=\"wpb_wrapper\"><div class=\" vc_custom_1559040477482 last-paragraph-no-margin pofo-text-block-responsive-69f4f559a341f\" style=\"color: #ffffff;\"><p>Aber Farbe macht unsere direkte Umwelt nicht nur lebendiger und farbenfroher, sondern sie gibt vor allem schnellste Orientierungs- und Analysem\u00f6glichkeiten, worauf sich das Dream-Team Auge-Gehirn bestens spezialisiert hat. Denn Farbe kommt im Vergleich zu Bewegung am schnellsten im Gehirn an: in rasendschnellen 150 Millisekunden. [2]<\/p>\n<p>Farben sind also im Prinzip nichts anderes als Signale an unser Gehirn, um entsprechend auf Umwelteinfl\u00fcsse zu reagieren &#8211; vom afrikanischen Urzeitmenschen, der die Farben der Natur analysiert, bis zu uns heute, wenn wir Stra\u00dfenschildern folgen oder per Klick auf den signalroten Conversion-Button unsere n\u00e4chste Urlaubsreise buchen.<\/p>\n<h5>Aber was genau sind diese Etappen, die die Farbsignale auf ihrer Tour ins Gehirn zur\u00fccklegen?<\/h5>\n<p>Und welche Faktoren spielen bei der Analyse und Interpretation dieser Signale eine Rolle? Begeben wir uns auf eine beeindruckende Rundreise ins Gehirn und zur\u00fcck.<\/p>\n<\/div><\/div><\/div><\/div><\/section><div class=\"vc_row-full-width vc_clearfix\"><\/div><section class=\"vc_row wpb_row vc_row-fluid   wow fadeIn\"><div class=\"wpb_column vc_column_container vc_col-md-1 vc_hidden-sm vc_hidden-xs col-xs-mobile-fullwidth sm-display-none\"><div class=\"vc_column-inner \"><div class=\"wpb_wrapper\"><\/div><\/div><\/div><div class=\"wpb_column vc_column_container vc_col-sm-12 vc_col-md-10 vc_col-xs-12\"><div class=\"vc_column-inner \"><div class=\"wpb_wrapper\"><div class=\"featurebox1 pofo-featurebox feature-box-1 featurebox1-1\" ><div class=\"margin-15px-bottom alt-font\"><h3 class=\"text-deep-pink char-value text-medium-gray letter-spacing-minus-1 font-weight-500\" style=\"\">01.<\/h3><span class=\"text-large text-extra-dark-gray padding-20px-left sm-padding-15px width-100 line-height-22 display-table-cell vertical-align-middle\">Die Reizaufnahme<\/span><\/div><div class=\"width-90 sm-width-100 last-paragraph-no-margin\"><p>Erinnern wir uns kurz zur\u00fcck an unseren Physikunterricht in der Schule: Am Anfang war das Licht, ein Spektrum elektromagnetischer Strahlen. Von diesem Spektrum sind f\u00fcr unser Auge nur die Lichtwellen zwischen 400 und 700 nm als solche sichtbar. Wenn nun Licht auf das Auge trifft, werden auf der Netzhaut zun\u00e4chst jene Zapfen gereizt, die auf diesen Teil des Lichtspektrums spezialisiert sind. Wir reden hier von insgesamt ca. sechs Millionen Fotorezeptoren, sogenannte Zapfen, die auf bestimmte Farben unterschiedlich reagieren und diese Signale an dahinter geschaltete Zellen weitergeben. Interessanter Fakt: Der blaue Farbbereich wird von den entsprechenden Zapfen am langsamsten verarbeitet. Rot\/gr\u00fcn-Verarbeitung ist am effizientesten.<\/p>\n<\/div><div class=\"clearfix\"><\/div>\n                                    <div class=\"separator-line-horrizontal-medium-light3 bg-deep-pink margin-30px-top xs-margin-25px-top\"><\/div><\/div><div class=\"featurebox1 pofo-featurebox feature-box-1 featurebox1-2\" ><div class=\"margin-15px-bottom alt-font\"><h3 class=\"text-deep-pink char-value text-medium-gray letter-spacing-minus-1 font-weight-500\" style=\"\">02.<\/h3><span class=\"text-large text-extra-dark-gray padding-20px-left sm-padding-15px width-100 line-height-22 display-table-cell vertical-align-middle\">Netzhaut der Superlative<\/span><\/div><div class=\"width-90 sm-width-100 last-paragraph-no-margin\"><p>Interessant wird es in Sachen Informationsverarbeitung nicht erst im Gehirn, sondern bereits auf der Netzhaut: F\u00fcnf unterschiedliche Zelltypen der Retina bilden ein Netzwerk aus Spezialisten, die schon im Auge komplex miteinander vernetzt sind und dann schlussendlich Nervenzellenimpulse generieren, die \u00fcber den Sehnerv ins Gehirn gelangen. Als wahre Profis sind hier die etwa anderthalb Millionen retinale Ganglienzellen hervorzuheben. So entdeckte man an der Universit\u00e4t Basel beispielsweise einen Ganglienzelltyp, der sich allein auf herannahende Objekte spezialisiert hat. [3]<\/p>\n<\/div><div class=\"clearfix\"><\/div>\n                                    <div class=\"separator-line-horrizontal-medium-light3 bg-deep-pink margin-30px-top xs-margin-25px-top\"><\/div><\/div><div class=\"featurebox1 pofo-featurebox feature-box-1 featurebox1-3\" ><div class=\"margin-15px-bottom alt-font\"><h3 class=\"text-deep-pink char-value text-medium-gray letter-spacing-minus-1 font-weight-500\" style=\"\">03.<\/h3><span class=\"text-large text-extra-dark-gray padding-20px-left sm-padding-15px width-100 line-height-22 display-table-cell vertical-align-middle\">Die Autobahn der Wahrnehmung \u2013 der Sehnerv<\/span><\/div><div class=\"width-90 sm-width-100 last-paragraph-no-margin\"><p>Er hat ca. sieben Millimeter Durchmesser und verbindet das Auge von dessen R\u00fcckseite mit dem Gehirn. Damit Informationen von beiden Augen auch in beiden Gehirnh\u00e4lften ankommen, \u00fcberkreuzen sich die beiden Sehnerven von unserem rechten und linken Auge. Ein Teil der Nervenstr\u00e4nge wechselt hier die Richtung, die andere H\u00e4lfte verl\u00e4uft weiter geradeaus. Durch diese komplexe Verschachtelung erreichen das Zwischenhirn Informationen, die nach Gesichtsh\u00e4lften getrennt sind und auf diese Weise bereits zu einer Entscheidung beitragen, ob sich z. B. die Pupillen\u00f6ffnung der Helligkeit anpassen muss. Das Zusammenspiel Auge und Gehirn als Gesamtsystem ist durch den Sehnerv auf optimale Performance getrimmt. [4]<\/p>\n<\/div><div class=\"clearfix\"><\/div>\n                                    <div class=\"separator-line-horrizontal-medium-light3 bg-deep-pink margin-30px-top xs-margin-25px-top\"><\/div><\/div><div class=\"featurebox1 pofo-featurebox feature-box-1 featurebox1-4\" ><div class=\"margin-15px-bottom alt-font\"><h3 class=\"text-deep-pink char-value text-medium-gray letter-spacing-minus-1 font-weight-500\" style=\"\">04.<\/h3><span class=\"text-large text-extra-dark-gray padding-20px-left sm-padding-15px width-100 line-height-22 display-table-cell vertical-align-middle\">Destination Gehirn<\/span><\/div><div class=\"width-90 sm-width-100 last-paragraph-no-margin\"><p>Was als Abbild auf der Retina begann und in komplexe neuronale Signale umgewandelt wurde, wird nun im Gehirn zuerst in der prim\u00e4ren Sehrinde und dann in weiteren Arealen des Gehirns analysiert. Und nun kommt eine hocheffektive Arbeitsteilung ins Spiel, die bis heute noch nicht ganz erforscht ist. Man wei\u00df, dass Neuronen unterschiedliche Spezialisierungen aufweisen mit Fokus auf Farbe, Form und Bewegung. So reagieren z. B. unterschiedliche Neuronen auf horizontale, vertikale oder diagonale Linien. Das V4 des Gehirns weist bei Farbsignalen hohe Aktivit\u00e4ten auf, eine Art \u201eFarbzentrum\u2033 im Gehirn wurde jedoch bisher nicht nachgewiesen. Zwei Verarbeitungsbahnen durchlaufen das Gehirn und reichen die Informationen unterteilt in \u201eWo\u2033 (die Dinge im Raum und Bewegungen) und \u201eWas\u2033 (Objekterkennung) weiter. [5] Nachgeschaltete, auf h\u00f6heren, abstrakteren Ebenen aktive Neuronen vergleichen und analysieren diese visuellen Informationen nicht nur mit Bildern aus der eigenen Erinnerung, sondern auch mit einhergehenden Eindr\u00fccken der \u00fcbrigen vier Sinne.<\/p>\n<\/div><div class=\"clearfix\"><\/div>\n                                    <div class=\"separator-line-horrizontal-medium-light3 bg-deep-pink margin-30px-top xs-margin-25px-top\"><\/div><\/div><div class=\"featurebox1 pofo-featurebox feature-box-1 featurebox1-5\" ><div class=\"margin-15px-bottom alt-font\"><h3 class=\"text-deep-pink char-value text-medium-gray letter-spacing-minus-1 font-weight-500\" style=\"\">05.<\/h3><span class=\"text-large text-extra-dark-gray padding-20px-left sm-padding-15px width-100 line-height-22 display-table-cell vertical-align-middle\">Das Gehirn (re)agiert<\/span><\/div><div class=\"width-90 sm-width-100 last-paragraph-no-margin\"><p>Kommen wir zur\u00fcck auf den afrikanischen J\u00e4ger, der durch seine erh\u00f6hte Aufmerksamkeit beim Erblicken der r\u00f6tlichen Farbe noch einmal mit dem Leben davongekommen ist. Sein Gehirn hat die Farb- und Bewegungssignale als alarmierend eingestuft und binnen 150 ms beschlossen, dass ein direkter Angriff mit Holzspeer die beste Verteidigung ist.<\/p>\n<\/div><div class=\"clearfix\"><\/div>\n                                    <div class=\"separator-line-horrizontal-medium-light3 bg-deep-pink margin-30px-top xs-margin-25px-top\"><\/div><\/div><\/div><\/div><\/div><div class=\"wpb_column vc_column_container vc_col-md-1 vc_hidden-sm vc_hidden-xs col-xs-mobile-fullwidth sm-display-none\"><div class=\"vc_column-inner \"><div class=\"wpb_wrapper\"><\/div><\/div><\/div><div class=\"wpb_column vc_column_container single-img-full  col-xs-mobile-fullwidth display-inline-block\"><div class=\"vc_column-inner \"><div class=\"wpb_wrapper\"><\/div><\/div><\/div><div class=\"wpb_column vc_column_container vc_col-lg-1 vc_hidden-sm vc_hidden-xs col-xs-mobile-fullwidth\"><div class=\"vc_column-inner \"><div class=\"wpb_wrapper\"><\/div><\/div><\/div><div class=\"wpb_column vc_column_container vc_col-sm-12 vc_col-md-10 vc_col-xs-12\"><div class=\"vc_column-inner \"><div class=\"wpb_wrapper\"><div class=\" vc_custom_1559041568371 last-paragraph-no-margin\"><p><span class=\"first-letter first-letter-block bg-extra-dark-gray text-white\">\u00dc<\/span>brigens ist die Farbe Rot tats\u00e4chlich die einzige Farbe, bei der sich Wissenschaftler dar\u00fcber einig sind, dass sie nicht nur instinktiv eine in uns verankerte k\u00f6rperliche Reaktion hervorruft, sondern auch kultur\u00fcbergreifend eine prim\u00e4re Signalfarbe ist.<\/p>\n<p>Was unsere heutige jedoch von der reinen Ur-Reaktion auf rot unterscheidet und bei der Farbinterpretation des Gehirns eine wesentliche Rolle spielt, sind u. a. der direkte Zusammenhang mit dem Umfeld der Farbe, subjektive Erfahrungen, kulturhistorische Erinnerungen und emotionale, psychologische Farbassoziationen. Dass f\u00fcr anderthalb Gramm k\u00f6nigliches Purpurrot ca. 12.000 Schnecken verarbeitet wurden und man sich diese Farbe eben nur als siegreicher, r\u00f6mischer Feldherr leisten durfte, ist uns noch im kulturellen Ged\u00e4chtnis geblieben.<\/p>\n<p>Dass die Farbe Rot f\u00fcr intensive Gef\u00fchle steht \u2013 von Liebe und Erotik im positiven zu Aggression und Wut im negativen Sinn, ruft sogar in der Tierwelt entsprechende Reaktionen hervor. Blau bewirkt \u00fcbrigens das Gegenteil: einen ruhigeren Puls, Freiheitsgef\u00fchl, Tiefenentspannung.<\/p>\n<\/div>[vc_single_image image=&#8220;22871&#8243; img_size=&#8220;full&#8220; add_caption=&#8220;yes&#8220; alignment=&#8220;center&#8220; onclick=&#8220;custom_link&#8220; css=&#8220;.vc_custom_1559069738633{margin-top: 40px !important;margin-bottom: 40px !important;}&#8220; link=&#8220;https:\/\/www.koelntourismus.de\/&#8220;]<div class=\"last-paragraph-no-margin\"><p style=\"text-align: center;\">Am Beispiel der Website von K\u00f6ln Tourismus GmbH wird deutlich, dass das Augenmerk des Nutzers durch den gezielten Einsatz einer auff\u00e4lligen Conversionfarbe vertrieblich gelenkt werden kann.<\/p>\n<\/div><div class=\"last-paragraph-no-margin\"><blockquote class=\"border-color-deep-pink\"><p>\n\u00dcbertragen wir das nun auf den <strong>Gestaltungsprozess im Webdesign,<\/strong> muss man sich sogar noch einer weiteren Ebene bewusst werden: dass die Aufnahmef\u00e4higkeit durch multiple digitale Einfl\u00fcsse noch weiter reduziert ist und die Konzentrationsf\u00e4higkeit am Bildschirm nicht so hoch ist wie beispielsweise beim haptischen Counterpart, dem gedruckten Papier. Wenn wir uns also mit Farbgestaltung besch\u00e4ftigen, sollten zuerst Grundfragen gekl\u00e4rt werden: <strong>welches Ziel hat diese Inhaltsseite?<\/strong> M\u00f6chte ich nur inspirieren, eignen sich die Landschaftsbilder mit strahlend blauem Himmel wohl besser als ein rot-lauter \u201eJetzt klicken, um inspiriert zu werden\u2033-Button. Ben\u00f6tige ich aber die volle Aufmerksamkeit des Users, schaffe ich ein einzelnes, visuell herausragendes Element wie einen Conversion-Button, der um sich herum keinerlei gleichwertige Konkurrenzfarbe oder -form zul\u00e4sst und so den instinktiven Fokus des Users nutzt, gegen den er wegen seiner reflexartigen (und nicht willentlichen) Aufmerksamkeit machtlos ist, weil hier die Ur-Reaktion greift. [6]\n<\/p><\/blockquote>\n<\/div><\/div><\/div><\/div><div class=\"wpb_column vc_column_container vc_col-md-1 vc_hidden-sm vc_hidden-xs col-xs-mobile-fullwidth\"><div class=\"vc_column-inner \"><div class=\"wpb_wrapper\"><\/div><\/div><\/div><\/section><section class=\"vc_row wpb_row vc_row-fluid  vc_custom_1507702414657 wow fadeIn\"><div class=\"wpb_column vc_column_container vc_col-sm-1 vc_hidden-sm col-xs-mobile-fullwidth sm-display-none\"><div class=\"vc_column-inner \"><div class=\"wpb_wrapper\"><\/div><\/div><\/div><div class=\"wpb_column vc_column_container vc_col-sm-12 vc_col-md-10 vc_col-xs-12 xs-text-center\"><div class=\"vc_column-inner vc_custom_1504503734313\"><div class=\"wpb_wrapper\"><div class=\"last-paragraph-no-margin\"><p><strong>Liste der verwendeten Quellen<\/strong><br \/>\n[1] Johann Grolle, J\u00fcrgen Petermann: \u201eOliver Sacks \u00fcber Farben, Sehen, Sinne\u201c, Der Spiegel, 24\/1995<br \/>\n[2] Thorpe SJ: &#8222;Speed of processing in the human visual system. Nature.&#8220;, 1996<br \/>\n[3] Tanja Kr\u00e4mer: &#8222;Hauchd\u00fcnner Hochleistungsrechner&#8220;, 11.11.2010, Url: <a href=\"https:\/\/www.dasgehirn.info\/wahrnehmen\/sehen\/hauchduenner-hochleistungsrechner\" target=\"_blank\" rel=\"noopener\">https:\/\/www.dasgehirn.info\/wahrnehmen\/sehen\/hauchduenner-hochleistungsrechner<\/a><br \/>\n[4] Julia Gro\u00df: &#8222;Die Sehbahn &#8211; Hochgeschwindigkeitsleitung ins Gehirn&#8220;, 13.01.2017, Url: <a href=\"https:\/\/www.dasgehirn.info\/wahrnehmen\/sehen\/die-sehbahn-hochgeschwindigkeitsleitung-ins-gehirntarget=&quot;_blank&quot;\" target=\"_blank\" rel=\"noopener\">https:\/\/www.dasgehirn.info\/wahrnehmen\/sehen\/die-sehbahn-hochgeschwindigkeitsleitung-ins-gehirn<\/a><br \/>\n[5] Julia Gro\u00df: &#8222;Wer, wie, was: Die Verarbeitung von visuellen Informationen&#8220;, 01.02.2017, Url: <a href=\"https:\/\/www.dasgehirn.info\/wahrnehmen\/sehen\/wer-wie-was-die-verarbeitung-von-visuellen-informationen\" target=\"_blank\" rel=\"noopener\">https:\/\/www.dasgehirn.info\/wahrnehmen\/sehen\/wer-wie-was-die-verarbeitung-von-visuellen-informationen<\/a><br \/>\n[6] &#8222;Aufmerksamkeit entscheidet&#8220;, 30.10.2008, Url: <a href=\"https:\/\/www.n-tv.de\/wissen\/Aufmerksamkeit-entscheidet-article31817.html\" target=\"_blank\" rel=\"noopener\">https:\/\/www.n-tv.de\/wissen\/Aufmerksamkeit-entscheidet-article31817.html<\/a><\/p>\n<\/div><\/div><\/div><\/div><div class=\"wpb_column vc_column_container vc_col-sm-1 vc_hidden-sm col-xs-mobile-fullwidth sm-display-none\"><div class=\"vc_column-inner \"><div class=\"wpb_wrapper\"><\/div><\/div><\/div><\/section>\n","protected":false},"excerpt":{"rendered":"Teil 2 der Reihe \"Veni, vidi, converti \u2013 Visuelles Design einer Conversion\" Sengende Hitze legt sich \u00fcber die afrikanische Savanne. Der J\u00e4ger sitzt mit seinem Holzspeer bewaffnet unter einem schattenspendenden Baum und k\u00e4mpft gegen das Eind\u00f6sen. Doch dann auf einmal schreckt er auf: blitzen dort hinter den dichten gr\u00fcnen Bl\u00e4ttern rot-orange Flecken, die sich zu bewegen scheinen? Der Blutdruck steigt, die Blutgef\u00e4\u00dfe erweitern sich. Der Fokus seiner Augen fordert nun 80 % Aktivit\u00e4t des prim\u00e4ren visuellen Cortex, gerade mal einen Millimeter gro\u00df. Der J\u00e4ger ist in Alarmbereitschaft und mit einem Schlag hellwach. So \u00e4hnlich erging es unseren afrikanischen Vorfahren vor hunderttausenden von Jahren. Farbensehen \u2013 f\u00fcr einen gesunden Menschen von heute selbstverst\u00e4ndlich \u2013 bedeutete in unserer evolutionsbiologischen Vergangenheit den Unterschied zwischen Leben und Tod. Auch wenn der nackte \u00dcberlebenskampf in unserer heutigen Gesellschaft in weite Ferne ger\u00fcckt ist, sind wir doch noch genauso von Farben abh\u00e4ngig und beeinflussbar wie vor Urzeiten. So geht es bei unserer Wahrnehmung der Umwelt nicht nur um die reine Objekterkennung, sondern sie spielt sich auch auf h\u00f6heren, psychologischen und emotionalen Ebenen ab. Wie sehr uns das Farbensehen beispielsweise Stabilit\u00e4t und Orientierung gibt, zeigt sich vor allem, wenn diese Erlebnis- und Handlungsf\u00e4higkeit durch Blindheit oder Fehlsichtigkeit...","protected":false},"author":10,"featured_media":22858,"comment_status":"open","ping_status":"open","sticky":false,"template":"","format":"image","meta":[],"categories":[159],"tags":[158,193,192,154,190,95,100],"yoast_head":"<!-- This site is optimized with the Yoast SEO plugin v21.1 - https:\/\/yoast.com\/wordpress\/plugins\/seo\/ -->\n<title>Destination Gehirn - wenn Farbe auf Reisen geht - neusta tourism Blog<\/title>\n<meta name=\"robots\" content=\"index, follow, max-snippet:-1, max-image-preview:large, max-video-preview:-1\" \/>\n<link rel=\"canonical\" href=\"https:\/\/www.destination.one\/blog\/destination-gehirn-wenn-farbe-auf-reisen-geht\/visuelles-design\/\" \/>\n<meta property=\"og:locale\" content=\"de_DE\" \/>\n<meta property=\"og:type\" content=\"article\" \/>\n<meta property=\"og:title\" content=\"Destination Gehirn - wenn Farbe auf Reisen geht - neusta tourism Blog\" \/>\n<meta property=\"og:url\" content=\"https:\/\/www.destination.one\/blog\/destination-gehirn-wenn-farbe-auf-reisen-geht\/visuelles-design\/\" \/>\n<meta property=\"og:site_name\" content=\"neusta tourism Blog\" \/>\n<meta property=\"article:publisher\" content=\"https:\/\/www.facebook.com\/neustadestinationsolutions\" \/>\n<meta property=\"article:published_time\" content=\"2019-05-28T11:26:25+00:00\" \/>\n<meta property=\"article:modified_time\" content=\"2019-11-18T12:56:00+00:00\" \/>\n<meta property=\"og:image\" content=\"https:\/\/www.destination.one\/blog\/wp-content\/uploads\/2019\/05\/veni_vidi_converti_teil2_blog_vorschau.jpg\" \/>\n\t<meta property=\"og:image:width\" content=\"1200\" \/>\n\t<meta property=\"og:image:height\" content=\"675\" \/>\n\t<meta property=\"og:image:type\" content=\"image\/jpeg\" \/>\n<meta name=\"author\" content=\"Jessica Battram\" \/>\n<meta name=\"twitter:card\" content=\"summary_large_image\" \/>\n<meta name=\"twitter:label1\" content=\"Verfasst von\" \/>\n\t<meta name=\"twitter:data1\" content=\"Jessica Battram\" \/>\n\t<meta name=\"twitter:label2\" content=\"Gesch\u00e4tzte Lesezeit\" \/>\n\t<meta name=\"twitter:data2\" content=\"10\u00a0Minuten\" \/>\n<script type=\"application\/ld+json\" class=\"yoast-schema-graph\">{\"@context\":\"https:\/\/schema.org\",\"@graph\":[{\"@type\":\"Article\",\"@id\":\"https:\/\/www.destination.one\/blog\/destination-gehirn-wenn-farbe-auf-reisen-geht\/visuelles-design\/#article\",\"isPartOf\":{\"@id\":\"https:\/\/www.destination.one\/blog\/destination-gehirn-wenn-farbe-auf-reisen-geht\/visuelles-design\/\"},\"author\":{\"name\":\"Jessica Battram\",\"@id\":\"https:\/\/www.destination.one\/blog\/#\/schema\/person\/20c305bd0dc0dc6c5aaeaa0df7fdb7f4\"},\"headline\":\"Destination Gehirn &#8211; wenn Farbe auf Reisen geht\",\"datePublished\":\"2019-05-28T11:26:25+00:00\",\"dateModified\":\"2019-11-18T12:56:00+00:00\",\"mainEntityOfPage\":{\"@id\":\"https:\/\/www.destination.one\/blog\/destination-gehirn-wenn-farbe-auf-reisen-geht\/visuelles-design\/\"},\"wordCount\":1946,\"commentCount\":0,\"publisher\":{\"@id\":\"https:\/\/www.destination.one\/blog\/#organization\"},\"keywords\":[\"Conversion\",\"Farben\",\"Gehirn\",\"venividiconverti\",\"visuelles Design\",\"Wahrnehmung\",\"Wissenschaft\"],\"articleSection\":[\"Visuelles Design\"],\"inLanguage\":\"de\",\"potentialAction\":[{\"@type\":\"CommentAction\",\"name\":\"Comment\",\"target\":[\"https:\/\/www.destination.one\/blog\/destination-gehirn-wenn-farbe-auf-reisen-geht\/visuelles-design\/#respond\"]}]},{\"@type\":\"WebPage\",\"@id\":\"https:\/\/www.destination.one\/blog\/destination-gehirn-wenn-farbe-auf-reisen-geht\/visuelles-design\/\",\"url\":\"https:\/\/www.destination.one\/blog\/destination-gehirn-wenn-farbe-auf-reisen-geht\/visuelles-design\/\",\"name\":\"Destination Gehirn - wenn Farbe auf Reisen geht - neusta tourism Blog\",\"isPartOf\":{\"@id\":\"https:\/\/www.destination.one\/blog\/#website\"},\"datePublished\":\"2019-05-28T11:26:25+00:00\",\"dateModified\":\"2019-11-18T12:56:00+00:00\",\"breadcrumb\":{\"@id\":\"https:\/\/www.destination.one\/blog\/destination-gehirn-wenn-farbe-auf-reisen-geht\/visuelles-design\/#breadcrumb\"},\"inLanguage\":\"de\",\"potentialAction\":[{\"@type\":\"ReadAction\",\"target\":[\"https:\/\/www.destination.one\/blog\/destination-gehirn-wenn-farbe-auf-reisen-geht\/visuelles-design\/\"]}]},{\"@type\":\"BreadcrumbList\",\"@id\":\"https:\/\/www.destination.one\/blog\/destination-gehirn-wenn-farbe-auf-reisen-geht\/visuelles-design\/#breadcrumb\",\"itemListElement\":[{\"@type\":\"ListItem\",\"position\":1,\"name\":\"Startseite\",\"item\":\"https:\/\/www.destination.one\/blog\/\"},{\"@type\":\"ListItem\",\"position\":2,\"name\":\"Destination Gehirn &#8211; wenn Farbe auf Reisen geht\"}]},{\"@type\":\"WebSite\",\"@id\":\"https:\/\/www.destination.one\/blog\/#website\",\"url\":\"https:\/\/www.destination.one\/blog\/\",\"name\":\"neusta tourism Blog\",\"description\":\"\",\"publisher\":{\"@id\":\"https:\/\/www.destination.one\/blog\/#organization\"},\"potentialAction\":[{\"@type\":\"SearchAction\",\"target\":{\"@type\":\"EntryPoint\",\"urlTemplate\":\"https:\/\/www.destination.one\/blog\/?s={search_term_string}\"},\"query-input\":\"required name=search_term_string\"}],\"inLanguage\":\"de\"},{\"@type\":\"Organization\",\"@id\":\"https:\/\/www.destination.one\/blog\/#organization\",\"name\":\"neusta destination solutions\",\"url\":\"https:\/\/www.destination.one\/blog\/\",\"logo\":{\"@type\":\"ImageObject\",\"inLanguage\":\"de\",\"@id\":\"https:\/\/www.destination.one\/blog\/#\/schema\/logo\/image\/\",\"url\":\"https:\/\/www.neusta-ds.de\/blog\/wp-content\/uploads\/2018\/11\/footer-logo.png\",\"contentUrl\":\"https:\/\/www.neusta-ds.de\/blog\/wp-content\/uploads\/2018\/11\/footer-logo.png\",\"width\":320,\"height\":97,\"caption\":\"neusta destination solutions\"},\"image\":{\"@id\":\"https:\/\/www.destination.one\/blog\/#\/schema\/logo\/image\/\"},\"sameAs\":[\"https:\/\/www.facebook.com\/neustadestinationsolutions\",\"https:\/\/www.instagram.com\/neusta_ds\/\"]},{\"@type\":\"Person\",\"@id\":\"https:\/\/www.destination.one\/blog\/#\/schema\/person\/20c305bd0dc0dc6c5aaeaa0df7fdb7f4\",\"name\":\"Jessica Battram\",\"image\":{\"@type\":\"ImageObject\",\"inLanguage\":\"de\",\"@id\":\"https:\/\/www.destination.one\/blog\/#\/schema\/person\/image\/\",\"url\":\"https:\/\/www.destination.one\/blog\/wp-content\/uploads\/2019\/10\/Jessica_neu-150x150.jpg\",\"contentUrl\":\"https:\/\/www.destination.one\/blog\/wp-content\/uploads\/2019\/10\/Jessica_neu-150x150.jpg\",\"caption\":\"Jessica Battram\"},\"description\":\"Die Diplom-Designerin bringt 20 Jahre nationale und internationale Berufserfahrung aus Kairo mit und hat ihren Kompetenz- und Arbeitsschwerpunkt im Screendesign und der User Experience. Mit internationalen Design-Awards und fachlichem Know-How gestaltet sie zahlreiche Digitalprojekte im Bereich Tourismus federf\u00fchrend und leitet bei neusta destination.one seit 2013 die Screendesignabteilung.\",\"sameAs\":[\"http:\/\/www.neusta-ds.de\"],\"url\":\"https:\/\/www.destination.one\/blog\/author\/jessica-battram\/\"}]}<\/script>\n<!-- \/ Yoast SEO plugin. -->","yoast_head_json":{"title":"Destination Gehirn - wenn Farbe auf Reisen geht - neusta tourism Blog","robots":{"index":"index","follow":"follow","max-snippet":"max-snippet:-1","max-image-preview":"max-image-preview:large","max-video-preview":"max-video-preview:-1"},"canonical":"https:\/\/www.destination.one\/blog\/destination-gehirn-wenn-farbe-auf-reisen-geht\/visuelles-design\/","og_locale":"de_DE","og_type":"article","og_title":"Destination Gehirn - wenn Farbe auf Reisen geht - neusta tourism Blog","og_url":"https:\/\/www.destination.one\/blog\/destination-gehirn-wenn-farbe-auf-reisen-geht\/visuelles-design\/","og_site_name":"neusta tourism Blog","article_publisher":"https:\/\/www.facebook.com\/neustadestinationsolutions","article_published_time":"2019-05-28T11:26:25+00:00","article_modified_time":"2019-11-18T12:56:00+00:00","og_image":[{"width":1200,"height":675,"url":"https:\/\/www.destination.one\/blog\/wp-content\/uploads\/2019\/05\/veni_vidi_converti_teil2_blog_vorschau.jpg","type":"image\/jpeg"}],"author":"Jessica Battram","twitter_card":"summary_large_image","twitter_misc":{"Verfasst von":"Jessica Battram","Gesch\u00e4tzte Lesezeit":"10\u00a0Minuten"},"schema":{"@context":"https:\/\/schema.org","@graph":[{"@type":"Article","@id":"https:\/\/www.destination.one\/blog\/destination-gehirn-wenn-farbe-auf-reisen-geht\/visuelles-design\/#article","isPartOf":{"@id":"https:\/\/www.destination.one\/blog\/destination-gehirn-wenn-farbe-auf-reisen-geht\/visuelles-design\/"},"author":{"name":"Jessica Battram","@id":"https:\/\/www.destination.one\/blog\/#\/schema\/person\/20c305bd0dc0dc6c5aaeaa0df7fdb7f4"},"headline":"Destination Gehirn &#8211; wenn Farbe auf Reisen geht","datePublished":"2019-05-28T11:26:25+00:00","dateModified":"2019-11-18T12:56:00+00:00","mainEntityOfPage":{"@id":"https:\/\/www.destination.one\/blog\/destination-gehirn-wenn-farbe-auf-reisen-geht\/visuelles-design\/"},"wordCount":1946,"commentCount":0,"publisher":{"@id":"https:\/\/www.destination.one\/blog\/#organization"},"keywords":["Conversion","Farben","Gehirn","venividiconverti","visuelles Design","Wahrnehmung","Wissenschaft"],"articleSection":["Visuelles Design"],"inLanguage":"de","potentialAction":[{"@type":"CommentAction","name":"Comment","target":["https:\/\/www.destination.one\/blog\/destination-gehirn-wenn-farbe-auf-reisen-geht\/visuelles-design\/#respond"]}]},{"@type":"WebPage","@id":"https:\/\/www.destination.one\/blog\/destination-gehirn-wenn-farbe-auf-reisen-geht\/visuelles-design\/","url":"https:\/\/www.destination.one\/blog\/destination-gehirn-wenn-farbe-auf-reisen-geht\/visuelles-design\/","name":"Destination Gehirn - wenn Farbe auf Reisen geht - neusta tourism Blog","isPartOf":{"@id":"https:\/\/www.destination.one\/blog\/#website"},"datePublished":"2019-05-28T11:26:25+00:00","dateModified":"2019-11-18T12:56:00+00:00","breadcrumb":{"@id":"https:\/\/www.destination.one\/blog\/destination-gehirn-wenn-farbe-auf-reisen-geht\/visuelles-design\/#breadcrumb"},"inLanguage":"de","potentialAction":[{"@type":"ReadAction","target":["https:\/\/www.destination.one\/blog\/destination-gehirn-wenn-farbe-auf-reisen-geht\/visuelles-design\/"]}]},{"@type":"BreadcrumbList","@id":"https:\/\/www.destination.one\/blog\/destination-gehirn-wenn-farbe-auf-reisen-geht\/visuelles-design\/#breadcrumb","itemListElement":[{"@type":"ListItem","position":1,"name":"Startseite","item":"https:\/\/www.destination.one\/blog\/"},{"@type":"ListItem","position":2,"name":"Destination Gehirn &#8211; wenn Farbe auf Reisen geht"}]},{"@type":"WebSite","@id":"https:\/\/www.destination.one\/blog\/#website","url":"https:\/\/www.destination.one\/blog\/","name":"neusta tourism Blog","description":"","publisher":{"@id":"https:\/\/www.destination.one\/blog\/#organization"},"potentialAction":[{"@type":"SearchAction","target":{"@type":"EntryPoint","urlTemplate":"https:\/\/www.destination.one\/blog\/?s={search_term_string}"},"query-input":"required name=search_term_string"}],"inLanguage":"de"},{"@type":"Organization","@id":"https:\/\/www.destination.one\/blog\/#organization","name":"neusta destination solutions","url":"https:\/\/www.destination.one\/blog\/","logo":{"@type":"ImageObject","inLanguage":"de","@id":"https:\/\/www.destination.one\/blog\/#\/schema\/logo\/image\/","url":"https:\/\/www.neusta-ds.de\/blog\/wp-content\/uploads\/2018\/11\/footer-logo.png","contentUrl":"https:\/\/www.neusta-ds.de\/blog\/wp-content\/uploads\/2018\/11\/footer-logo.png","width":320,"height":97,"caption":"neusta destination solutions"},"image":{"@id":"https:\/\/www.destination.one\/blog\/#\/schema\/logo\/image\/"},"sameAs":["https:\/\/www.facebook.com\/neustadestinationsolutions","https:\/\/www.instagram.com\/neusta_ds\/"]},{"@type":"Person","@id":"https:\/\/www.destination.one\/blog\/#\/schema\/person\/20c305bd0dc0dc6c5aaeaa0df7fdb7f4","name":"Jessica Battram","image":{"@type":"ImageObject","inLanguage":"de","@id":"https:\/\/www.destination.one\/blog\/#\/schema\/person\/image\/","url":"https:\/\/www.destination.one\/blog\/wp-content\/uploads\/2019\/10\/Jessica_neu-150x150.jpg","contentUrl":"https:\/\/www.destination.one\/blog\/wp-content\/uploads\/2019\/10\/Jessica_neu-150x150.jpg","caption":"Jessica Battram"},"description":"Die Diplom-Designerin bringt 20 Jahre nationale und internationale Berufserfahrung aus Kairo mit und hat ihren Kompetenz- und Arbeitsschwerpunkt im Screendesign und der User Experience. Mit internationalen Design-Awards und fachlichem Know-How gestaltet sie zahlreiche Digitalprojekte im Bereich Tourismus federf\u00fchrend und leitet bei neusta destination.one seit 2013 die Screendesignabteilung.","sameAs":["http:\/\/www.neusta-ds.de"],"url":"https:\/\/www.destination.one\/blog\/author\/jessica-battram\/"}]}},"_links":{"self":[{"href":"https:\/\/www.destination.one\/blog\/wp-json\/wp\/v2\/posts\/22839"}],"collection":[{"href":"https:\/\/www.destination.one\/blog\/wp-json\/wp\/v2\/posts"}],"about":[{"href":"https:\/\/www.destination.one\/blog\/wp-json\/wp\/v2\/types\/post"}],"author":[{"embeddable":true,"href":"https:\/\/www.destination.one\/blog\/wp-json\/wp\/v2\/users\/10"}],"replies":[{"embeddable":true,"href":"https:\/\/www.destination.one\/blog\/wp-json\/wp\/v2\/comments?post=22839"}],"version-history":[{"count":37,"href":"https:\/\/www.destination.one\/blog\/wp-json\/wp\/v2\/posts\/22839\/revisions"}],"predecessor-version":[{"id":22883,"href":"https:\/\/www.destination.one\/blog\/wp-json\/wp\/v2\/posts\/22839\/revisions\/22883"}],"wp:featuredmedia":[{"embeddable":true,"href":"https:\/\/www.destination.one\/blog\/wp-json\/wp\/v2\/media\/22858"}],"wp:attachment":[{"href":"https:\/\/www.destination.one\/blog\/wp-json\/wp\/v2\/media?parent=22839"}],"wp:term":[{"taxonomy":"category","embeddable":true,"href":"https:\/\/www.destination.one\/blog\/wp-json\/wp\/v2\/categories?post=22839"},{"taxonomy":"post_tag","embeddable":true,"href":"https:\/\/www.destination.one\/blog\/wp-json\/wp\/v2\/tags?post=22839"}],"curies":[{"name":"wp","href":"https:\/\/api.w.org\/{rel}","templated":true}]}}