{"id":24434,"date":"2022-03-01T10:21:02","date_gmt":"2022-03-01T09:21:02","guid":{"rendered":"https:\/\/www.neusta-ds.de\/blog\/?p=24434"},"modified":"2022-03-04T14:44:28","modified_gmt":"2022-03-04T13:44:28","slug":"veraenderungen-durch-corona-aus-sicht-der-avs","status":"publish","type":"post","link":"https:\/\/www.destination.one\/blog\/veraenderungen-durch-corona-aus-sicht-der-avs\/tourism-report\/","title":{"rendered":"Ver\u00e4nderungen durch Corona aus Sicht der AVS"},"content":{"rendered":"<section class=\"vc_row wpb_row vc_row-fluid  vc_custom_1507701938070 wow fadeIn\"><div class=\"wpb_column vc_column_container vc_col-sm-1 vc_hidden-sm col-xs-mobile-fullwidth sm-display-none\"><div class=\"vc_column-inner \"><div class=\"wpb_wrapper\"><\/div><\/div><\/div><div class=\"wpb_column vc_column_container vc_col-sm-12 vc_col-md-10 vc_col-xs-12\"><div class=\"vc_column-inner \"><div class=\"wpb_wrapper\"><div class=\"last-paragraph-no-margin\"><h6>Die Sicht der AVS &#8211; das Technologieunternehmen fu\u0308r G\u00e4stekarten und digitalen Meldeschein<\/h6>\n<p>In welchen Bereichen und wie intensiv sich der Tourismus ver\u00e4ndert hat, l\u00e4sst sich abschlie\u00dfend noch gar nicht sagen, denn die Ver\u00e4nderungsprozesse sind stetig. Wir durchleben einen Wandel in Strukturen, Generationen, Digitalisierung, Politik und sogar im Klima. Die Ver\u00e4nderungen und Eingriffe in den Lebens- und Arbeitsalltag sind f\u00fcr jedermann sp\u00fcrbar, doch nicht vollends ungew\u00f6hnlich und es gilt schlichtweg, damit zu leben und gemeinsam das Beste daraus zu machen.<\/p>\n<p>Um das Beste daraus machen, hilft es, Verst\u00e4ndnis f\u00fcreinander zu haben und die W\u00fcnsche des erholungshungrigen Gastes, die M\u00f6glichkeiten der Verantwortlichen in den Destinationen und die Herausforderungen bei krisengebeutelten Leistungstr\u00e4gern unter einen Hut zu bringen. Hier stellte Corona den Tourismus mit den kurzfristigen \u00c4nderungen von Vorgaben auf eine harte Probe. Die unstete Definition von Risikogebieten, Einreisebestimmungen und Registrierungs- und Kontrollverpflichtungen erschwerten eine wirtschaftliche und auch entwicklungstechnische Planung ungemein. Hier war ein starker Zusammenhalt in der Branche erforderlich, was vielerorts die Touristiker und Teams zusammengeschwei\u00dft hat. Wenn auch nicht \u00fcberall.<\/p>\n<\/div><div class=\" vc_custom_1646062072991 last-paragraph-no-margin\" style=\"color: #000000;\"><h6 class=\"p1\">Umdenken der Produktplanungen und Prozesse<\/h6>\n<\/div><div class=\"last-paragraph-no-margin\"><p class=\"p1\">Auch die AVS als Technologieunternehmen musste umdenken. Wir lernten, unsere strategischen, l\u00e4ngerfristigen Produktplanungen aufzuweichen und flexibler auf wechselhafte Rahmenbedingungen zu reagieren. Das Hin und Her war f\u00fcr alle Beteiligten herausfordernd und strapazierte auch unser Verst\u00e4ndnis. Geplante Systemstarts verz\u00f6gerten sich, eingetaktete Entwicklungen wurden vertagt oder gewandelt. Doch etliche neuartige Anforderungen verliehen unseren Digitalisierungsprojekten einen kr\u00e4ftigen Schub.<\/p>\n<\/div><\/div><\/div><\/div><div class=\"wpb_column vc_column_container vc_col-sm-1 vc_hidden-sm col-xs-mobile-fullwidth sm-display-none\"><div class=\"vc_column-inner \"><div class=\"wpb_wrapper\"><\/div><\/div><\/div><\/section><section id=\"777\" data-vc-full-width=\"true\" data-vc-full-width-init=\"false\" data-vc-stretch-content=\"true\" class=\"vc_row wpb_row vc_row-fluid  vc_custom_1560785302049 wow fadeIn vc_row-has-fill pofo-stretch-content vc_row-o-equal-height vc_row-o-content-middle vc_row-flex\"><div class=\"wpb_column vc_column_container vc_col-sm-12 vc_col-md-6 vc_col-xs-12 wow slideInLeft pofo-column-responsive-69f205d24584b\" data-wow-delay= 100ms><div class=\"vc_column-inner cover-background bg-position-center-center vc_custom_1646225295258\"><div class=\"wpb_wrapper\">[vc_single_image image=&#8220;24441&#8243; img_size=&#8220;full&#8220; alignment=&#8220;center&#8220; onclick=&#8220;img_link_large&#8220;]<\/div><\/div><\/div><div class=\"wpb_column vc_column_container vc_col-sm-12 vc_col-md-6 vc_col-xs-12 wow slideInRight sm-text-center\" data-wow-delay= 100ms><div class=\"vc_column-inner \"><div class=\"wpb_wrapper\"><div class=\" vc_custom_1646223643713 last-paragraph-no-margin pofo-text-block-responsive-69f205d245915\" style=\"color: #ffffff;\"><h6><strong>AVS-G\u00e4stekarte<\/strong><\/h6>\n<p>Unser Fokus lag bislang auf der Optimierung von Verwaltungs- und Abrechnungsprozessen durch Digitalisierungsma\u00dfnahmen und deren Nutzung im Marketing. F\u00fcr viele DMOs sind durch Corona nun die Anforderungen entstanden, das Besuchermanagement und die G\u00e4stelenkung aktiver zu gestalten. Hier\u00fcber entstanden zukunftsweisende Projekte auch im Zusammenspiel zwischen AVS und Neusta.<\/p>\n<p>So gelang es, die vorhandenen Gastinformationssysteme f\u00fcr das Smartphone systematisch mit der Gastanmeldung und digitalen G\u00e4stekarte zu vernetzen. Daraus lassen sich Auslastungsdaten generieren, sollen k\u00fcnftig besser prognostiziert werden und in den Informationssystemen f\u00fcr den Gast aktuell und mobil ausgespielt werden. Die AVS &#8211; G\u00e4stekarte wurde dabei als Schl\u00fcssel zum BesucherInformationssystem entwickelt und entdeckt.<\/p>\n<\/div><\/div><\/div><\/div><\/section><div class=\"vc_row-full-width vc_clearfix\"><\/div><section class=\"vc_row wpb_row vc_row-fluid  vc_custom_1646224621273 wow fadeIn\"><div class=\"wpb_column vc_column_container vc_col-md-1 vc_hidden-sm vc_hidden-xs col-xs-mobile-fullwidth sm-display-none\"><div class=\"vc_column-inner \"><div class=\"wpb_wrapper\"><\/div><\/div><\/div><div class=\"wpb_column vc_column_container vc_col-sm-12 vc_col-md-10 vc_col-xs-12\"><div class=\"vc_column-inner \"><div class=\"wpb_wrapper\"><div class=\"last-paragraph-no-margin\"><p>Solche Systemkooperationen und gemeinsame L\u00f6sungen werden Bestand haben und sich fortentwickeln. Die Pandemie brachte mit dem Bedarf nach Kontaktreduzierungen und verbesserter Hygiene dar\u00fcber hinaus neue Argumente f\u00fcr die Verwaltungssysteme im Backoffice. Hier fand beispielsweise das AVS-Portal f\u00fcr digitale Abrechnungen als Ersatz f\u00fcr Papierrechnungen breiten Anklang. Ebenso stieg die Nachfrage nach der digitalen G\u00e4stekarte f\u00fcr das Smartphone und L\u00f6sungen f\u00fcr den Selbst-Check-In. Etliche Ans\u00e4tze zu Schnittstellen zwischen Gesundheits- und Meldedaten \u2013 Stichwort \u201eImpfstatus\u201c \u2013 wurden jedoch vom Datenschutz ausgebremst. Hier gab es die Erkenntnis, dass bestimmte Themenbereiche \u201ecoronaresistent\u201c zu sein scheinen. Man war gut beraten, stets den Kernnutzen unserer Anwendungen \u2013 n\u00e4mlich den verantwortungsvollen Umgang mit Melde- und Abrechnungsdaten \u2013 nicht zu unterlaufen.<\/p>\n<\/div><div class=\" vc_custom_1646218595762 last-paragraph-no-margin\" style=\"color: #000000;\"><h6>&#8222;Nachhaltigkeit im Tourismus&#8220;<\/h6>\n<\/div><div class=\"last-paragraph-no-margin\"><p class=\"p1\">Durchaus erfreulich war, dass sich trotz aller Unw\u00e4gbarkeiten, etliche Projekte wieder dem Trend-Thema \u201eNachhaltigkeit im Tourismus\u201c widmeten. Dabei ging es nicht nur um den sich verbreitenden Ansatz, dem Gast kostenfreie \u00d6PNV-Nutzung einzur\u00e4umen. So hat AVS zusammen mit dem Beratungsunternehmen BTE \u00fcber das \u201eBundesministerium f\u00fcr Wirtschaft und Klimaschutz\u201c eine Studie auf den Weg gebracht, die sich damit befasst, ob und wie \u00fcber G\u00e4stebeitragssysteme auch regionale \u00f6kologische und soziale Projekte finanziert werden k\u00f6nnen.<\/p>\n<p class=\"p1\">Was sich sprichw\u00f6rtlich auch nachhaltig ver\u00e4ndert hat, ist unser aller Umgang mit den Werkzeugen zur Online-Kommunikation. So manche langwierige Gesch\u00e4ftsreise wird k\u00fcnftig der etablierten Online-Konferenz weichen. Dabei bleibt festzuhalten, dass sich fachliche Themen und sogar Workshops durchaus digital bewerkstelligen lassen. Doch unsere Branche ist schlichtweg vom geselligen Miteinander und dem pers\u00f6nlichen Sich- Kennenlernen gepr\u00e4gt. Und so geht nichts \u00fcber das gute, vertrauensbildende gemeinsame Bier. Daran kann auch Corona nichts \u00e4ndern.<\/p>\n<\/div><div class=\"last-paragraph-no-margin\"><p><em>Die <a href=\"https:\/\/www.avs.de\/\" target=\"_blank\" rel=\"noopener\">AVS<\/a> mit Sitz in Bayreuth ist ein mittelst\u00e4ndisches Technologieunternehmen mit L\u00f6sungen f\u00fcr Gutscheine, Kundenbindung und Tourismus. In DACH betreut sie seit vielen Jahren zahlreiche Destinationen und Orte mit ma\u00dfgeschneiderten Systemen zur <\/em><em>Gastanmeldung sowie zur Ausstellung, Pr\u00fcfung und Abrechnung von TouristCards und Gastbeitr\u00e4gen. Zu Ihren Kernkompetenzen z\u00e4hlen Schnittstellen und die Verzahnung von Verwaltung und Destinations-Marketing. Auch mit Neusta ist die AVS \u00fcber verschiedene <\/em><em>Kundenprojekte eng verdrahtet.<\/em><\/p>\n<\/div><\/div><\/div><\/div><div class=\"wpb_column vc_column_container vc_col-md-1 vc_hidden-sm vc_hidden-xs col-xs-mobile-fullwidth sm-display-none\"><div class=\"vc_column-inner \"><div class=\"wpb_wrapper\"><\/div><\/div><\/div><\/section>\n","protected":false},"excerpt":{"rendered":"Die Sicht der AVS - das Technologieunternehmen fu\u0308r G\u00e4stekarten und digitalen Meldeschein In welchen Bereichen und wie intensiv sich der Tourismus ver\u00e4ndert hat, l\u00e4sst sich abschlie\u00dfend noch gar nicht sagen, denn die Ver\u00e4nderungsprozesse sind stetig. Wir durchleben einen Wandel in Strukturen, Generationen, Digitalisierung, Politik und sogar im Klima. Die Ver\u00e4nderungen und Eingriffe in den Lebens- und Arbeitsalltag sind f\u00fcr jedermann sp\u00fcrbar, doch nicht vollends ungew\u00f6hnlich und es gilt schlichtweg, damit zu leben und gemeinsam das Beste daraus zu machen. Um das Beste daraus machen, hilft es, Verst\u00e4ndnis f\u00fcreinander zu haben und die W\u00fcnsche des erholungshungrigen Gastes, die M\u00f6glichkeiten der Verantwortlichen in den Destinationen und die Herausforderungen bei krisengebeutelten Leistungstr\u00e4gern unter einen Hut zu bringen. Hier stellte Corona den Tourismus mit den kurzfristigen \u00c4nderungen von Vorgaben auf eine harte Probe. Die unstete Definition von Risikogebieten, Einreisebestimmungen und Registrierungs- und Kontrollverpflichtungen erschwerten eine wirtschaftliche und auch entwicklungstechnische Planung ungemein. Hier war ein starker Zusammenhalt in der Branche erforderlich, was vielerorts die Touristiker und Teams zusammengeschwei\u00dft hat. Wenn auch nicht \u00fcberall. Umdenken der Produktplanungen und Prozesse Auch die AVS als Technologieunternehmen musste umdenken. Wir lernten, unsere strategischen, l\u00e4ngerfristigen Produktplanungen aufzuweichen und flexibler auf wechselhafte Rahmenbedingungen zu reagieren. Das Hin und Her war f\u00fcr...","protected":false},"author":50,"featured_media":24448,"comment_status":"open","ping_status":"open","sticky":false,"template":"","format":"image","meta":[],"categories":[76,277],"tags":[367,298,57,369,368,79],"yoast_head":"<!-- This site is optimized with the Yoast SEO plugin v21.1 - https:\/\/yoast.com\/wordpress\/plugins\/seo\/ -->\n<title>Ver\u00e4nderungen durch Corona aus Sicht der AVS - neusta tourism Blog<\/title>\n<meta name=\"robots\" content=\"index, follow, max-snippet:-1, max-image-preview:large, max-video-preview:-1\" \/>\n<link rel=\"canonical\" href=\"https:\/\/www.destination.one\/blog\/veraenderungen-durch-corona-aus-sicht-der-avs\/tourism-report\/\" \/>\n<meta property=\"og:locale\" content=\"de_DE\" \/>\n<meta property=\"og:type\" content=\"article\" \/>\n<meta property=\"og:title\" content=\"Ver\u00e4nderungen durch Corona aus Sicht der AVS - neusta tourism Blog\" \/>\n<meta property=\"og:url\" content=\"https:\/\/www.destination.one\/blog\/veraenderungen-durch-corona-aus-sicht-der-avs\/tourism-report\/\" \/>\n<meta property=\"og:site_name\" content=\"neusta tourism Blog\" \/>\n<meta property=\"article:publisher\" content=\"https:\/\/www.facebook.com\/neustadestinationsolutions\" \/>\n<meta property=\"article:published_time\" content=\"2022-03-01T09:21:02+00:00\" \/>\n<meta property=\"article:modified_time\" content=\"2022-03-04T13:44:28+00:00\" \/>\n<meta property=\"og:image\" content=\"https:\/\/www.destination.one\/blog\/wp-content\/uploads\/2022\/03\/vorschau.jpg\" \/>\n\t<meta property=\"og:image:width\" content=\"1200\" \/>\n\t<meta property=\"og:image:height\" content=\"675\" \/>\n\t<meta property=\"og:image:type\" content=\"image\/jpeg\" \/>\n<meta name=\"author\" content=\"Klaus Sch\u00f6n\" \/>\n<meta name=\"twitter:card\" content=\"summary_large_image\" \/>\n<meta name=\"twitter:label1\" content=\"Verfasst von\" \/>\n\t<meta name=\"twitter:data1\" content=\"Klaus Sch\u00f6n\" \/>\n\t<meta name=\"twitter:label2\" content=\"Gesch\u00e4tzte Lesezeit\" \/>\n\t<meta name=\"twitter:data2\" content=\"5\u00a0Minuten\" \/>\n<script type=\"application\/ld+json\" class=\"yoast-schema-graph\">{\"@context\":\"https:\/\/schema.org\",\"@graph\":[{\"@type\":\"Article\",\"@id\":\"https:\/\/www.destination.one\/blog\/veraenderungen-durch-corona-aus-sicht-der-avs\/tourism-report\/#article\",\"isPartOf\":{\"@id\":\"https:\/\/www.destination.one\/blog\/veraenderungen-durch-corona-aus-sicht-der-avs\/tourism-report\/\"},\"author\":{\"name\":\"Klaus Sch\u00f6n\",\"@id\":\"https:\/\/www.destination.one\/blog\/#\/schema\/person\/7cd91dbed6cad1882d02fbc23d1323ce\"},\"headline\":\"Ver\u00e4nderungen durch Corona aus Sicht der AVS\",\"datePublished\":\"2022-03-01T09:21:02+00:00\",\"dateModified\":\"2022-03-04T13:44:28+00:00\",\"mainEntityOfPage\":{\"@id\":\"https:\/\/www.destination.one\/blog\/veraenderungen-durch-corona-aus-sicht-der-avs\/tourism-report\/\"},\"wordCount\":1105,\"commentCount\":0,\"publisher\":{\"@id\":\"https:\/\/www.destination.one\/blog\/#organization\"},\"keywords\":[\"AVS\",\"Corona\",\"Digitalisierung\",\"G\u00e4stekarte\",\"Nachhaltigkeit\",\"Tourismus\"],\"articleSection\":[\"G\u00e4steservice\",\"tourism.report\"],\"inLanguage\":\"de\",\"potentialAction\":[{\"@type\":\"CommentAction\",\"name\":\"Comment\",\"target\":[\"https:\/\/www.destination.one\/blog\/veraenderungen-durch-corona-aus-sicht-der-avs\/tourism-report\/#respond\"]}]},{\"@type\":\"WebPage\",\"@id\":\"https:\/\/www.destination.one\/blog\/veraenderungen-durch-corona-aus-sicht-der-avs\/tourism-report\/\",\"url\":\"https:\/\/www.destination.one\/blog\/veraenderungen-durch-corona-aus-sicht-der-avs\/tourism-report\/\",\"name\":\"Ver\u00e4nderungen durch Corona aus Sicht der AVS - neusta tourism Blog\",\"isPartOf\":{\"@id\":\"https:\/\/www.destination.one\/blog\/#website\"},\"datePublished\":\"2022-03-01T09:21:02+00:00\",\"dateModified\":\"2022-03-04T13:44:28+00:00\",\"breadcrumb\":{\"@id\":\"https:\/\/www.destination.one\/blog\/veraenderungen-durch-corona-aus-sicht-der-avs\/tourism-report\/#breadcrumb\"},\"inLanguage\":\"de\",\"potentialAction\":[{\"@type\":\"ReadAction\",\"target\":[\"https:\/\/www.destination.one\/blog\/veraenderungen-durch-corona-aus-sicht-der-avs\/tourism-report\/\"]}]},{\"@type\":\"BreadcrumbList\",\"@id\":\"https:\/\/www.destination.one\/blog\/veraenderungen-durch-corona-aus-sicht-der-avs\/tourism-report\/#breadcrumb\",\"itemListElement\":[{\"@type\":\"ListItem\",\"position\":1,\"name\":\"Startseite\",\"item\":\"https:\/\/www.destination.one\/blog\/\"},{\"@type\":\"ListItem\",\"position\":2,\"name\":\"Ver\u00e4nderungen durch Corona aus Sicht der AVS\"}]},{\"@type\":\"WebSite\",\"@id\":\"https:\/\/www.destination.one\/blog\/#website\",\"url\":\"https:\/\/www.destination.one\/blog\/\",\"name\":\"neusta tourism Blog\",\"description\":\"\",\"publisher\":{\"@id\":\"https:\/\/www.destination.one\/blog\/#organization\"},\"potentialAction\":[{\"@type\":\"SearchAction\",\"target\":{\"@type\":\"EntryPoint\",\"urlTemplate\":\"https:\/\/www.destination.one\/blog\/?s={search_term_string}\"},\"query-input\":\"required name=search_term_string\"}],\"inLanguage\":\"de\"},{\"@type\":\"Organization\",\"@id\":\"https:\/\/www.destination.one\/blog\/#organization\",\"name\":\"neusta destination solutions\",\"url\":\"https:\/\/www.destination.one\/blog\/\",\"logo\":{\"@type\":\"ImageObject\",\"inLanguage\":\"de\",\"@id\":\"https:\/\/www.destination.one\/blog\/#\/schema\/logo\/image\/\",\"url\":\"https:\/\/www.neusta-ds.de\/blog\/wp-content\/uploads\/2018\/11\/footer-logo.png\",\"contentUrl\":\"https:\/\/www.neusta-ds.de\/blog\/wp-content\/uploads\/2018\/11\/footer-logo.png\",\"width\":320,\"height\":97,\"caption\":\"neusta destination solutions\"},\"image\":{\"@id\":\"https:\/\/www.destination.one\/blog\/#\/schema\/logo\/image\/\"},\"sameAs\":[\"https:\/\/www.facebook.com\/neustadestinationsolutions\",\"https:\/\/www.instagram.com\/neusta_ds\/\"]},{\"@type\":\"Person\",\"@id\":\"https:\/\/www.destination.one\/blog\/#\/schema\/person\/7cd91dbed6cad1882d02fbc23d1323ce\",\"name\":\"Klaus Sch\u00f6n\",\"image\":{\"@type\":\"ImageObject\",\"inLanguage\":\"de\",\"@id\":\"https:\/\/www.destination.one\/blog\/#\/schema\/person\/image\/\",\"url\":\"https:\/\/www.destination.one\/blog\/wp-content\/uploads\/2022\/02\/schoen_klaus_GMK6434_P-scaled-e1646234353502-150x150.jpg\",\"contentUrl\":\"https:\/\/www.destination.one\/blog\/wp-content\/uploads\/2022\/02\/schoen_klaus_GMK6434_P-scaled-e1646234353502-150x150.jpg\",\"caption\":\"Klaus Sch\u00f6n\"},\"description\":\"Klaus Sch\u00f6n ist Leiter der Abteilung Touristik bei der AVS mit Schwerpunkt auf Vertrieb, strategische Produktentwicklung und Systembetrieb.\",\"url\":\"https:\/\/www.destination.one\/blog\/author\/klaus-schoen\/\"}]}<\/script>\n<!-- \/ Yoast SEO plugin. -->","yoast_head_json":{"title":"Ver\u00e4nderungen durch Corona aus Sicht der AVS - neusta tourism Blog","robots":{"index":"index","follow":"follow","max-snippet":"max-snippet:-1","max-image-preview":"max-image-preview:large","max-video-preview":"max-video-preview:-1"},"canonical":"https:\/\/www.destination.one\/blog\/veraenderungen-durch-corona-aus-sicht-der-avs\/tourism-report\/","og_locale":"de_DE","og_type":"article","og_title":"Ver\u00e4nderungen durch Corona aus Sicht der AVS - neusta tourism Blog","og_url":"https:\/\/www.destination.one\/blog\/veraenderungen-durch-corona-aus-sicht-der-avs\/tourism-report\/","og_site_name":"neusta tourism Blog","article_publisher":"https:\/\/www.facebook.com\/neustadestinationsolutions","article_published_time":"2022-03-01T09:21:02+00:00","article_modified_time":"2022-03-04T13:44:28+00:00","og_image":[{"width":1200,"height":675,"url":"https:\/\/www.destination.one\/blog\/wp-content\/uploads\/2022\/03\/vorschau.jpg","type":"image\/jpeg"}],"author":"Klaus Sch\u00f6n","twitter_card":"summary_large_image","twitter_misc":{"Verfasst von":"Klaus Sch\u00f6n","Gesch\u00e4tzte Lesezeit":"5\u00a0Minuten"},"schema":{"@context":"https:\/\/schema.org","@graph":[{"@type":"Article","@id":"https:\/\/www.destination.one\/blog\/veraenderungen-durch-corona-aus-sicht-der-avs\/tourism-report\/#article","isPartOf":{"@id":"https:\/\/www.destination.one\/blog\/veraenderungen-durch-corona-aus-sicht-der-avs\/tourism-report\/"},"author":{"name":"Klaus Sch\u00f6n","@id":"https:\/\/www.destination.one\/blog\/#\/schema\/person\/7cd91dbed6cad1882d02fbc23d1323ce"},"headline":"Ver\u00e4nderungen durch Corona aus Sicht der AVS","datePublished":"2022-03-01T09:21:02+00:00","dateModified":"2022-03-04T13:44:28+00:00","mainEntityOfPage":{"@id":"https:\/\/www.destination.one\/blog\/veraenderungen-durch-corona-aus-sicht-der-avs\/tourism-report\/"},"wordCount":1105,"commentCount":0,"publisher":{"@id":"https:\/\/www.destination.one\/blog\/#organization"},"keywords":["AVS","Corona","Digitalisierung","G\u00e4stekarte","Nachhaltigkeit","Tourismus"],"articleSection":["G\u00e4steservice","tourism.report"],"inLanguage":"de","potentialAction":[{"@type":"CommentAction","name":"Comment","target":["https:\/\/www.destination.one\/blog\/veraenderungen-durch-corona-aus-sicht-der-avs\/tourism-report\/#respond"]}]},{"@type":"WebPage","@id":"https:\/\/www.destination.one\/blog\/veraenderungen-durch-corona-aus-sicht-der-avs\/tourism-report\/","url":"https:\/\/www.destination.one\/blog\/veraenderungen-durch-corona-aus-sicht-der-avs\/tourism-report\/","name":"Ver\u00e4nderungen durch Corona aus Sicht der AVS - neusta tourism Blog","isPartOf":{"@id":"https:\/\/www.destination.one\/blog\/#website"},"datePublished":"2022-03-01T09:21:02+00:00","dateModified":"2022-03-04T13:44:28+00:00","breadcrumb":{"@id":"https:\/\/www.destination.one\/blog\/veraenderungen-durch-corona-aus-sicht-der-avs\/tourism-report\/#breadcrumb"},"inLanguage":"de","potentialAction":[{"@type":"ReadAction","target":["https:\/\/www.destination.one\/blog\/veraenderungen-durch-corona-aus-sicht-der-avs\/tourism-report\/"]}]},{"@type":"BreadcrumbList","@id":"https:\/\/www.destination.one\/blog\/veraenderungen-durch-corona-aus-sicht-der-avs\/tourism-report\/#breadcrumb","itemListElement":[{"@type":"ListItem","position":1,"name":"Startseite","item":"https:\/\/www.destination.one\/blog\/"},{"@type":"ListItem","position":2,"name":"Ver\u00e4nderungen durch Corona aus Sicht der AVS"}]},{"@type":"WebSite","@id":"https:\/\/www.destination.one\/blog\/#website","url":"https:\/\/www.destination.one\/blog\/","name":"neusta tourism Blog","description":"","publisher":{"@id":"https:\/\/www.destination.one\/blog\/#organization"},"potentialAction":[{"@type":"SearchAction","target":{"@type":"EntryPoint","urlTemplate":"https:\/\/www.destination.one\/blog\/?s={search_term_string}"},"query-input":"required name=search_term_string"}],"inLanguage":"de"},{"@type":"Organization","@id":"https:\/\/www.destination.one\/blog\/#organization","name":"neusta destination solutions","url":"https:\/\/www.destination.one\/blog\/","logo":{"@type":"ImageObject","inLanguage":"de","@id":"https:\/\/www.destination.one\/blog\/#\/schema\/logo\/image\/","url":"https:\/\/www.neusta-ds.de\/blog\/wp-content\/uploads\/2018\/11\/footer-logo.png","contentUrl":"https:\/\/www.neusta-ds.de\/blog\/wp-content\/uploads\/2018\/11\/footer-logo.png","width":320,"height":97,"caption":"neusta destination solutions"},"image":{"@id":"https:\/\/www.destination.one\/blog\/#\/schema\/logo\/image\/"},"sameAs":["https:\/\/www.facebook.com\/neustadestinationsolutions","https:\/\/www.instagram.com\/neusta_ds\/"]},{"@type":"Person","@id":"https:\/\/www.destination.one\/blog\/#\/schema\/person\/7cd91dbed6cad1882d02fbc23d1323ce","name":"Klaus Sch\u00f6n","image":{"@type":"ImageObject","inLanguage":"de","@id":"https:\/\/www.destination.one\/blog\/#\/schema\/person\/image\/","url":"https:\/\/www.destination.one\/blog\/wp-content\/uploads\/2022\/02\/schoen_klaus_GMK6434_P-scaled-e1646234353502-150x150.jpg","contentUrl":"https:\/\/www.destination.one\/blog\/wp-content\/uploads\/2022\/02\/schoen_klaus_GMK6434_P-scaled-e1646234353502-150x150.jpg","caption":"Klaus Sch\u00f6n"},"description":"Klaus Sch\u00f6n ist Leiter der Abteilung Touristik bei der AVS mit Schwerpunkt auf Vertrieb, strategische Produktentwicklung und Systembetrieb.","url":"https:\/\/www.destination.one\/blog\/author\/klaus-schoen\/"}]}},"_links":{"self":[{"href":"https:\/\/www.destination.one\/blog\/wp-json\/wp\/v2\/posts\/24434"}],"collection":[{"href":"https:\/\/www.destination.one\/blog\/wp-json\/wp\/v2\/posts"}],"about":[{"href":"https:\/\/www.destination.one\/blog\/wp-json\/wp\/v2\/types\/post"}],"author":[{"embeddable":true,"href":"https:\/\/www.destination.one\/blog\/wp-json\/wp\/v2\/users\/50"}],"replies":[{"embeddable":true,"href":"https:\/\/www.destination.one\/blog\/wp-json\/wp\/v2\/comments?post=24434"}],"version-history":[{"count":15,"href":"https:\/\/www.destination.one\/blog\/wp-json\/wp\/v2\/posts\/24434\/revisions"}],"predecessor-version":[{"id":24453,"href":"https:\/\/www.destination.one\/blog\/wp-json\/wp\/v2\/posts\/24434\/revisions\/24453"}],"wp:featuredmedia":[{"embeddable":true,"href":"https:\/\/www.destination.one\/blog\/wp-json\/wp\/v2\/media\/24448"}],"wp:attachment":[{"href":"https:\/\/www.destination.one\/blog\/wp-json\/wp\/v2\/media?parent=24434"}],"wp:term":[{"taxonomy":"category","embeddable":true,"href":"https:\/\/www.destination.one\/blog\/wp-json\/wp\/v2\/categories?post=24434"},{"taxonomy":"post_tag","embeddable":true,"href":"https:\/\/www.destination.one\/blog\/wp-json\/wp\/v2\/tags?post=24434"}],"curies":[{"name":"wp","href":"https:\/\/api.w.org\/{rel}","templated":true}]}}